{"id":700,"date":"2017-03-21T15:11:57","date_gmt":"2017-03-21T13:11:57","guid":{"rendered":"http:\/\/trailrun.ee\/?p=700\/"},"modified":"2017-03-21T15:27:25","modified_gmt":"2017-03-21T13:27:25","slug":"paaskula-13-raba-maraton-joosti-uuel-rajal","status":"publish","type":"post","link":"https:\/\/trailrun.ee\/en\/paaskula-13-raba-maraton-joosti-uuel-rajal\/","title":{"rendered":"P\u00e4\u00e4sk\u00fcla 13. raba maraton joosti uuel rajal!"},"content":{"rendered":"<p>Kuna k\u00f5ik senised P\u00e4\u00e4sk\u00fcla raba maratonid on toimunud Eestimaa &#8220;kehva suusailma aastaajal&#8221;, siis on juba loomult maratoni stsenaariumisse sisse kirjutatud pidev pahuksisse minek ilmataadiga! Ei olnud erandiks ka viimane toimunud &#8211; kurjakuulutava 13-nda j\u00e4rjekorra numbriga &#8211; maraton!<!--more--><\/p>\n<p>Seekord aga oli olukord rabateedel kulgeval n\u00f6 tavarajal sellev\u00f5rra hull, et esimest korda P\u00e4\u00e4sk\u00fcla raba maratonide ajaloos pidime rada muutma ning viima selle raba k\u00f5rval olevasse m\u00e4nnimetsa. Tavap\u00e4rane 4,22km pikkune ring asendus seekord 2,11km pikkuse ning oluliselt k\u00e4\u00e4nulisema ja kitsama rajaga. Paljud rajaolnud r\u00e4\u00e4kisid jooksu j\u00e4rel millestki imelikust raskustundest, mis oli neid rajal kiusanud? \u00dcheks raskendavaks teguriks oli kindlasti ring-ringilt pehmemaks muutunud rada, aga ega ka pidevad j\u00e4rsud p\u00f6\u00f6rded jooksu kergemaks ei teinud.<\/p>\n<p>Vaatamata k\u00f5igele ei olnud P\u00e4\u00e4sk\u00fclas taas vastast MMargus Luhtojale, kes seekord k\u00fcll piirdus \u00fcle 3 tunni l\u00e4inud v\u00f5iduajaga 3:07:31. Teisena tuli \u00fcle l\u00f5pujoone Anti Toplaan, aeg 3:40:15 ning napilt p\u00e4\u00e4ses Ergo Meier vendade Hendriksonide k\u00e4est, l\u00f5petades kolmandana ajaga 3:42:55.<\/p>\n<p>Naiste seas oli taas kord kiireim Kattri Reinula ajaga 3:57:16, j\u00e4ttes teiseks Maret M\u00fc\u00fcri, aeg 4:07:44, ja kolmandaks Liina Kesamaa ajaga 4:25:36.<\/p>\n<p>Poolmaratoni kiireimad olid T\u00f5nis Kaasik ja Made Laas, ajad vastavalt 1:25:38 ja 1:49:13.<\/p>\n<p>Kokku osales 13-ndal raba maratonil 50 jooksjat, tulemused on n\u00e4htaval <a href=\"http:\/\/trailrun.ee\/wp-content\/uploads\/2017\/03\/tulemused_13_2017.pdf\">SIIN!<\/a><\/p>\n<p>Selle kehva suustalve viimane P\u00e4\u00e4sk\u00fcla raba maraton joostakse 15. aprillil, mis rajal t\u00e4psemalt, selgub juba vahetult enne jooksu!<\/p>\n","protected":false},"excerpt":{"rendered":"<p>Kuna k\u00f5ik senised P\u00e4\u00e4sk\u00fcla raba maratonid on toimunud Eestimaa &#8220;kehva suusailma aastaajal&#8221;, siis on juba loomult maratoni stsenaariumisse sisse kirjutatud pidev pahuksisse minek ilmataadiga! Ei olnud erandiks ka viimane toimunud &#8211; kurjakuulutava 13-nda j\u00e4rjekorra numbriga &#8211; maraton!<\/p>\n","protected":false},"author":2,"featured_media":702,"comment_status":"closed","ping_status":"open","sticky":false,"template":"","format":"standard","meta":{"_acf_changed":false,"footnotes":""},"categories":[4],"tags":[],"class_list":["post-700","post","type-post","status-publish","format-standard","has-post-thumbnail","hentry","category-uncategorized"],"acf":[],"yoast_head":"<!-- This site is optimized with the Yoast SEO plugin v27.4 - https:\/\/yoast.com\/product\/yoast-seo-wordpress\/ -->\n<title>P\u00e4\u00e4sk\u00fcla 13. raba maraton joosti uuel rajal! - trailrun.ee<\/title>\n<meta name=\"robots\" content=\"index, follow, max-snippet:-1, max-image-preview:large, max-video-preview:-1\" \/>\n<link rel=\"canonical\" href=\"https:\/\/trailrun.ee\/en\/paaskula-13-raba-maraton-joosti-uuel-rajal\/\" \/>\n<meta property=\"og:locale\" content=\"en_US\" \/>\n<meta property=\"og:type\" content=\"article\" \/>\n<meta property=\"og:title\" content=\"P\u00e4\u00e4sk\u00fcla 13. raba maraton joosti uuel rajal! - trailrun.ee\" \/>\n<meta property=\"og:description\" content=\"Kuna k\u00f5ik senised P\u00e4\u00e4sk\u00fcla raba maratonid on toimunud Eestimaa &#8220;kehva suusailma aastaajal&#8221;, siis on juba loomult maratoni stsenaariumisse sisse kirjutatud pidev pahuksisse minek ilmataadiga! Ei olnud erandiks ka viimane toimunud &#8211; kurjakuulutava 13-nda j\u00e4rjekorra numbriga &#8211; maraton!\" \/>\n<meta property=\"og:url\" content=\"https:\/\/trailrun.ee\/en\/paaskula-13-raba-maraton-joosti-uuel-rajal\/\" \/>\n<meta property=\"og:site_name\" content=\"trailrun.ee\" \/>\n<meta property=\"article:publisher\" content=\"https:\/\/www.facebook.com\/haanjaultra100\" \/>\n<meta property=\"article:published_time\" content=\"2017-03-21T13:11:57+00:00\" \/>\n<meta property=\"article:modified_time\" content=\"2017-03-21T13:27:25+00:00\" \/>\n<meta property=\"og:image\" content=\"https:\/\/trailrun.ee\/wp-content\/uploads\/2017\/03\/P\u00e4ssa-13-N-kolmik-1024x768.jpg\" \/>\n\t<meta property=\"og:image:width\" content=\"1024\" \/>\n\t<meta property=\"og:image:height\" content=\"768\" \/>\n\t<meta property=\"og:image:type\" content=\"image\/jpeg\" \/>\n<meta name=\"author\" content=\"haldaja\" \/>\n<meta name=\"twitter:card\" content=\"summary_large_image\" \/>\n<meta name=\"twitter:label1\" content=\"Written by\" \/>\n\t<meta name=\"twitter:data1\" content=\"haldaja\" \/>\n\t<meta name=\"twitter:label2\" content=\"Est. reading time\" \/>\n\t<meta name=\"twitter:data2\" content=\"1 minute\" \/>\n<script type=\"application\/ld+json\" class=\"yoast-schema-graph\">{\"@context\":\"https:\\\/\\\/schema.org\",\"@graph\":[{\"@type\":\"Article\",\"@id\":\"https:\\\/\\\/trailrun.ee\\\/en\\\/paaskula-13-raba-maraton-joosti-uuel-rajal\\\/#article\",\"isPartOf\":{\"@id\":\"https:\\\/\\\/trailrun.ee\\\/en\\\/paaskula-13-raba-maraton-joosti-uuel-rajal\\\/\"},\"author\":{\"name\":\"haldaja\",\"@id\":\"https:\\\/\\\/trailrun.ee\\\/en\\\/#\\\/schema\\\/person\\\/f0bf37dac37f0b16a40ae91dc183bb28\"},\"headline\":\"P\u00e4\u00e4sk\u00fcla 13. raba maraton joosti uuel rajal!\",\"datePublished\":\"2017-03-21T13:11:57+00:00\",\"dateModified\":\"2017-03-21T13:27:25+00:00\",\"mainEntityOfPage\":{\"@id\":\"https:\\\/\\\/trailrun.ee\\\/en\\\/paaskula-13-raba-maraton-joosti-uuel-rajal\\\/\"},\"wordCount\":242,\"publisher\":{\"@id\":\"https:\\\/\\\/trailrun.ee\\\/en\\\/#organization\"},\"image\":{\"@id\":\"https:\\\/\\\/trailrun.ee\\\/en\\\/paaskula-13-raba-maraton-joosti-uuel-rajal\\\/#primaryimage\"},\"thumbnailUrl\":\"https:\\\/\\\/trailrun.ee\\\/wp-content\\\/uploads\\\/2017\\\/03\\\/P\u00e4ssa-13-N-kolmik.jpg\",\"inLanguage\":\"en-US\"},{\"@type\":\"WebPage\",\"@id\":\"https:\\\/\\\/trailrun.ee\\\/en\\\/paaskula-13-raba-maraton-joosti-uuel-rajal\\\/\",\"url\":\"https:\\\/\\\/trailrun.ee\\\/en\\\/paaskula-13-raba-maraton-joosti-uuel-rajal\\\/\",\"name\":\"P\u00e4\u00e4sk\u00fcla 13. raba maraton joosti uuel rajal! - trailrun.ee\",\"isPartOf\":{\"@id\":\"https:\\\/\\\/trailrun.ee\\\/en\\\/#website\"},\"primaryImageOfPage\":{\"@id\":\"https:\\\/\\\/trailrun.ee\\\/en\\\/paaskula-13-raba-maraton-joosti-uuel-rajal\\\/#primaryimage\"},\"image\":{\"@id\":\"https:\\\/\\\/trailrun.ee\\\/en\\\/paaskula-13-raba-maraton-joosti-uuel-rajal\\\/#primaryimage\"},\"thumbnailUrl\":\"https:\\\/\\\/trailrun.ee\\\/wp-content\\\/uploads\\\/2017\\\/03\\\/P\u00e4ssa-13-N-kolmik.jpg\",\"datePublished\":\"2017-03-21T13:11:57+00:00\",\"dateModified\":\"2017-03-21T13:27:25+00:00\",\"breadcrumb\":{\"@id\":\"https:\\\/\\\/trailrun.ee\\\/en\\\/paaskula-13-raba-maraton-joosti-uuel-rajal\\\/#breadcrumb\"},\"inLanguage\":\"en-US\",\"potentialAction\":[{\"@type\":\"ReadAction\",\"target\":[\"https:\\\/\\\/trailrun.ee\\\/en\\\/paaskula-13-raba-maraton-joosti-uuel-rajal\\\/\"]}]},{\"@type\":\"ImageObject\",\"inLanguage\":\"en-US\",\"@id\":\"https:\\\/\\\/trailrun.ee\\\/en\\\/paaskula-13-raba-maraton-joosti-uuel-rajal\\\/#primaryimage\",\"url\":\"https:\\\/\\\/trailrun.ee\\\/wp-content\\\/uploads\\\/2017\\\/03\\\/P\u00e4ssa-13-N-kolmik.jpg\",\"contentUrl\":\"https:\\\/\\\/trailrun.ee\\\/wp-content\\\/uploads\\\/2017\\\/03\\\/P\u00e4ssa-13-N-kolmik.jpg\",\"width\":4608,\"height\":3456},{\"@type\":\"BreadcrumbList\",\"@id\":\"https:\\\/\\\/trailrun.ee\\\/en\\\/paaskula-13-raba-maraton-joosti-uuel-rajal\\\/#breadcrumb\",\"itemListElement\":[{\"@type\":\"ListItem\",\"position\":1,\"name\":\"Home\",\"item\":\"https:\\\/\\\/trailrun.ee\\\/en\\\/\"},{\"@type\":\"ListItem\",\"position\":2,\"name\":\"P\u00e4\u00e4sk\u00fcla 13. raba maraton joosti uuel rajal!\"}]},{\"@type\":\"WebSite\",\"@id\":\"https:\\\/\\\/trailrun.ee\\\/en\\\/#website\",\"url\":\"https:\\\/\\\/trailrun.ee\\\/en\\\/\",\"name\":\"trailrun.ee\",\"description\":\"R\u00f5uge Trail Run, P\u00e4\u00e4sk\u00fcla raba maraton, Haanja 100Ultra\",\"publisher\":{\"@id\":\"https:\\\/\\\/trailrun.ee\\\/en\\\/#organization\"},\"potentialAction\":[{\"@type\":\"SearchAction\",\"target\":{\"@type\":\"EntryPoint\",\"urlTemplate\":\"https:\\\/\\\/trailrun.ee\\\/en\\\/?s={search_term_string}\"},\"query-input\":{\"@type\":\"PropertyValueSpecification\",\"valueRequired\":true,\"valueName\":\"search_term_string\"}}],\"inLanguage\":\"en-US\"},{\"@type\":\"Organization\",\"@id\":\"https:\\\/\\\/trailrun.ee\\\/en\\\/#organization\",\"name\":\"trailrun.ee\",\"url\":\"https:\\\/\\\/trailrun.ee\\\/en\\\/\",\"logo\":{\"@type\":\"ImageObject\",\"inLanguage\":\"en-US\",\"@id\":\"https:\\\/\\\/trailrun.ee\\\/en\\\/#\\\/schema\\\/logo\\\/image\\\/\",\"url\":\"https:\\\/\\\/trailrun.ee\\\/wp-content\\\/uploads\\\/2016\\\/02\\\/trailrun_logo.png\",\"contentUrl\":\"https:\\\/\\\/trailrun.ee\\\/wp-content\\\/uploads\\\/2016\\\/02\\\/trailrun_logo.png\",\"width\":174,\"height\":90,\"caption\":\"trailrun.ee\"},\"image\":{\"@id\":\"https:\\\/\\\/trailrun.ee\\\/en\\\/#\\\/schema\\\/logo\\\/image\\\/\"},\"sameAs\":[\"https:\\\/\\\/www.facebook.com\\\/haanjaultra100\"]},{\"@type\":\"Person\",\"@id\":\"https:\\\/\\\/trailrun.ee\\\/en\\\/#\\\/schema\\\/person\\\/f0bf37dac37f0b16a40ae91dc183bb28\",\"name\":\"haldaja\",\"image\":{\"@type\":\"ImageObject\",\"inLanguage\":\"en-US\",\"@id\":\"https:\\\/\\\/secure.gravatar.com\\\/avatar\\\/b4b8c92154ed229fb3f443bbe94c62da330fe5da5e0307b0f21ec860dbce0b68?s=96&d=mm&r=g\",\"url\":\"https:\\\/\\\/secure.gravatar.com\\\/avatar\\\/b4b8c92154ed229fb3f443bbe94c62da330fe5da5e0307b0f21ec860dbce0b68?s=96&d=mm&r=g\",\"contentUrl\":\"https:\\\/\\\/secure.gravatar.com\\\/avatar\\\/b4b8c92154ed229fb3f443bbe94c62da330fe5da5e0307b0f21ec860dbce0b68?s=96&d=mm&r=g\",\"caption\":\"haldaja\"}}]}<\/script>\n<!-- \/ Yoast SEO plugin. -->","yoast_head_json":{"title":"P\u00e4\u00e4sk\u00fcla 13. raba maraton joosti uuel rajal! - trailrun.ee","robots":{"index":"index","follow":"follow","max-snippet":"max-snippet:-1","max-image-preview":"max-image-preview:large","max-video-preview":"max-video-preview:-1"},"canonical":"https:\/\/trailrun.ee\/en\/paaskula-13-raba-maraton-joosti-uuel-rajal\/","og_locale":"en_US","og_type":"article","og_title":"P\u00e4\u00e4sk\u00fcla 13. raba maraton joosti uuel rajal! - trailrun.ee","og_description":"Kuna k\u00f5ik senised P\u00e4\u00e4sk\u00fcla raba maratonid on toimunud Eestimaa &#8220;kehva suusailma aastaajal&#8221;, siis on juba loomult maratoni stsenaariumisse sisse kirjutatud pidev pahuksisse minek ilmataadiga! Ei olnud erandiks ka viimane toimunud &#8211; kurjakuulutava 13-nda j\u00e4rjekorra numbriga &#8211; maraton!","og_url":"https:\/\/trailrun.ee\/en\/paaskula-13-raba-maraton-joosti-uuel-rajal\/","og_site_name":"trailrun.ee","article_publisher":"https:\/\/www.facebook.com\/haanjaultra100","article_published_time":"2017-03-21T13:11:57+00:00","article_modified_time":"2017-03-21T13:27:25+00:00","og_image":[{"width":1024,"height":768,"url":"https:\/\/trailrun.ee\/wp-content\/uploads\/2017\/03\/P\u00e4ssa-13-N-kolmik-1024x768.jpg","type":"image\/jpeg"}],"author":"haldaja","twitter_card":"summary_large_image","twitter_misc":{"Written by":"haldaja","Est. reading time":"1 minute"},"schema":{"@context":"https:\/\/schema.org","@graph":[{"@type":"Article","@id":"https:\/\/trailrun.ee\/en\/paaskula-13-raba-maraton-joosti-uuel-rajal\/#article","isPartOf":{"@id":"https:\/\/trailrun.ee\/en\/paaskula-13-raba-maraton-joosti-uuel-rajal\/"},"author":{"name":"haldaja","@id":"https:\/\/trailrun.ee\/en\/#\/schema\/person\/f0bf37dac37f0b16a40ae91dc183bb28"},"headline":"P\u00e4\u00e4sk\u00fcla 13. raba maraton joosti uuel rajal!","datePublished":"2017-03-21T13:11:57+00:00","dateModified":"2017-03-21T13:27:25+00:00","mainEntityOfPage":{"@id":"https:\/\/trailrun.ee\/en\/paaskula-13-raba-maraton-joosti-uuel-rajal\/"},"wordCount":242,"publisher":{"@id":"https:\/\/trailrun.ee\/en\/#organization"},"image":{"@id":"https:\/\/trailrun.ee\/en\/paaskula-13-raba-maraton-joosti-uuel-rajal\/#primaryimage"},"thumbnailUrl":"https:\/\/trailrun.ee\/wp-content\/uploads\/2017\/03\/P\u00e4ssa-13-N-kolmik.jpg","inLanguage":"en-US"},{"@type":"WebPage","@id":"https:\/\/trailrun.ee\/en\/paaskula-13-raba-maraton-joosti-uuel-rajal\/","url":"https:\/\/trailrun.ee\/en\/paaskula-13-raba-maraton-joosti-uuel-rajal\/","name":"P\u00e4\u00e4sk\u00fcla 13. raba maraton joosti uuel rajal! - trailrun.ee","isPartOf":{"@id":"https:\/\/trailrun.ee\/en\/#website"},"primaryImageOfPage":{"@id":"https:\/\/trailrun.ee\/en\/paaskula-13-raba-maraton-joosti-uuel-rajal\/#primaryimage"},"image":{"@id":"https:\/\/trailrun.ee\/en\/paaskula-13-raba-maraton-joosti-uuel-rajal\/#primaryimage"},"thumbnailUrl":"https:\/\/trailrun.ee\/wp-content\/uploads\/2017\/03\/P\u00e4ssa-13-N-kolmik.jpg","datePublished":"2017-03-21T13:11:57+00:00","dateModified":"2017-03-21T13:27:25+00:00","breadcrumb":{"@id":"https:\/\/trailrun.ee\/en\/paaskula-13-raba-maraton-joosti-uuel-rajal\/#breadcrumb"},"inLanguage":"en-US","potentialAction":[{"@type":"ReadAction","target":["https:\/\/trailrun.ee\/en\/paaskula-13-raba-maraton-joosti-uuel-rajal\/"]}]},{"@type":"ImageObject","inLanguage":"en-US","@id":"https:\/\/trailrun.ee\/en\/paaskula-13-raba-maraton-joosti-uuel-rajal\/#primaryimage","url":"https:\/\/trailrun.ee\/wp-content\/uploads\/2017\/03\/P\u00e4ssa-13-N-kolmik.jpg","contentUrl":"https:\/\/trailrun.ee\/wp-content\/uploads\/2017\/03\/P\u00e4ssa-13-N-kolmik.jpg","width":4608,"height":3456},{"@type":"BreadcrumbList","@id":"https:\/\/trailrun.ee\/en\/paaskula-13-raba-maraton-joosti-uuel-rajal\/#breadcrumb","itemListElement":[{"@type":"ListItem","position":1,"name":"Home","item":"https:\/\/trailrun.ee\/en\/"},{"@type":"ListItem","position":2,"name":"P\u00e4\u00e4sk\u00fcla 13. raba maraton joosti uuel rajal!"}]},{"@type":"WebSite","@id":"https:\/\/trailrun.ee\/en\/#website","url":"https:\/\/trailrun.ee\/en\/","name":"trailrun.ee","description":"R\u00f5uge Trail Run, P\u00e4\u00e4sk\u00fcla raba maraton, Haanja 100Ultra","publisher":{"@id":"https:\/\/trailrun.ee\/en\/#organization"},"potentialAction":[{"@type":"SearchAction","target":{"@type":"EntryPoint","urlTemplate":"https:\/\/trailrun.ee\/en\/?s={search_term_string}"},"query-input":{"@type":"PropertyValueSpecification","valueRequired":true,"valueName":"search_term_string"}}],"inLanguage":"en-US"},{"@type":"Organization","@id":"https:\/\/trailrun.ee\/en\/#organization","name":"trailrun.ee","url":"https:\/\/trailrun.ee\/en\/","logo":{"@type":"ImageObject","inLanguage":"en-US","@id":"https:\/\/trailrun.ee\/en\/#\/schema\/logo\/image\/","url":"https:\/\/trailrun.ee\/wp-content\/uploads\/2016\/02\/trailrun_logo.png","contentUrl":"https:\/\/trailrun.ee\/wp-content\/uploads\/2016\/02\/trailrun_logo.png","width":174,"height":90,"caption":"trailrun.ee"},"image":{"@id":"https:\/\/trailrun.ee\/en\/#\/schema\/logo\/image\/"},"sameAs":["https:\/\/www.facebook.com\/haanjaultra100"]},{"@type":"Person","@id":"https:\/\/trailrun.ee\/en\/#\/schema\/person\/f0bf37dac37f0b16a40ae91dc183bb28","name":"haldaja","image":{"@type":"ImageObject","inLanguage":"en-US","@id":"https:\/\/secure.gravatar.com\/avatar\/b4b8c92154ed229fb3f443bbe94c62da330fe5da5e0307b0f21ec860dbce0b68?s=96&d=mm&r=g","url":"https:\/\/secure.gravatar.com\/avatar\/b4b8c92154ed229fb3f443bbe94c62da330fe5da5e0307b0f21ec860dbce0b68?s=96&d=mm&r=g","contentUrl":"https:\/\/secure.gravatar.com\/avatar\/b4b8c92154ed229fb3f443bbe94c62da330fe5da5e0307b0f21ec860dbce0b68?s=96&d=mm&r=g","caption":"haldaja"}}]}},"_links":{"self":[{"href":"https:\/\/trailrun.ee\/en\/wp-json\/wp\/v2\/posts\/700","targetHints":{"allow":["GET"]}}],"collection":[{"href":"https:\/\/trailrun.ee\/en\/wp-json\/wp\/v2\/posts"}],"about":[{"href":"https:\/\/trailrun.ee\/en\/wp-json\/wp\/v2\/types\/post"}],"author":[{"embeddable":true,"href":"https:\/\/trailrun.ee\/en\/wp-json\/wp\/v2\/users\/2"}],"replies":[{"embeddable":true,"href":"https:\/\/trailrun.ee\/en\/wp-json\/wp\/v2\/comments?post=700"}],"version-history":[{"count":5,"href":"https:\/\/trailrun.ee\/en\/wp-json\/wp\/v2\/posts\/700\/revisions"}],"predecessor-version":[{"id":713,"href":"https:\/\/trailrun.ee\/en\/wp-json\/wp\/v2\/posts\/700\/revisions\/713"}],"wp:featuredmedia":[{"embeddable":true,"href":"https:\/\/trailrun.ee\/en\/wp-json\/wp\/v2\/media\/702"}],"wp:attachment":[{"href":"https:\/\/trailrun.ee\/en\/wp-json\/wp\/v2\/media?parent=700"}],"wp:term":[{"taxonomy":"category","embeddable":true,"href":"https:\/\/trailrun.ee\/en\/wp-json\/wp\/v2\/categories?post=700"},{"taxonomy":"post_tag","embeddable":true,"href":"https:\/\/trailrun.ee\/en\/wp-json\/wp\/v2\/tags?post=700"}],"curies":[{"name":"wp","href":"https:\/\/api.w.org\/{rel}","templated":true}]}}